{"id":9598,"date":"2023-02-24T08:56:29","date_gmt":"2023-02-24T08:56:29","guid":{"rendered":"https:\/\/www.bordeaux-bristol.fr\/en\/?p=9598"},"modified":"2023-02-24T09:00:24","modified_gmt":"2023-02-24T09:00:24","slug":"le-maire-de-bordeaux-pierre-hurmic-conduit-une-delegation-bordelaise-dans-la-ville-jumelee-de-bristol-jeudi-23-et-vendredi-24-fevrier","status":"publish","type":"post","link":"https:\/\/www.bordeaux-bristol.fr\/en\/2023\/02\/24\/le-maire-de-bordeaux-pierre-hurmic-conduit-une-delegation-bordelaise-dans-la-ville-jumelee-de-bristol-jeudi-23-et-vendredi-24-fevrier\/","title":{"rendered":"<strong>Le maire de Bordeaux Pierre Hurmic conduit une d\u00e9l\u00e9gation bordelaise dans la ville jumel\u00e9e de Bristol, jeudi\u00a023 et vendredi 24\u00a0f\u00e9vrier<\/strong>"},"content":{"rendered":"\t\t<div data-elementor-type=\"wp-post\" data-elementor-id=\"9598\" class=\"elementor elementor-9598\">\n\t\t\t\t\t\t<section class=\"elementor-section elementor-top-section elementor-element elementor-element-3c763c4 elementor-section-boxed elementor-section-height-default elementor-section-height-default\" data-id=\"3c763c4\" data-element_type=\"section\" data-e-type=\"section\">\n\t\t\t\t\t\t<div class=\"elementor-container elementor-column-gap-default\">\n\t\t\t\t\t<div class=\"elementor-column elementor-col-100 elementor-top-column elementor-element elementor-element-800aa18\" data-id=\"800aa18\" data-element_type=\"column\" data-e-type=\"column\">\n\t\t\t<div class=\"elementor-widget-wrap elementor-element-populated\">\n\t\t\t\t\t\t<div class=\"elementor-element elementor-element-e65abde elementor-widget elementor-widget-image\" data-id=\"e65abde\" data-element_type=\"widget\" data-e-type=\"widget\" data-widget_type=\"image.default\">\n\t\t\t\t<div class=\"elementor-widget-container\">\n\t\t\t\t\t\t\t\t\t\t\t\t\t\t\t<img fetchpriority=\"high\" decoding=\"async\" width=\"750\" height=\"375\" src=\"https:\/\/www.bordeaux-bristol.fr\/en\/wp-content\/uploads\/sites\/2\/2023\/02\/img-1511.jpg\" class=\"attachment-large size-large wp-image-9599\" alt=\"\" srcset=\"https:\/\/www.bordeaux-bristol.fr\/en\/wp-content\/uploads\/sites\/2\/2023\/02\/img-1511.jpg 1000w, https:\/\/www.bordeaux-bristol.fr\/en\/wp-content\/uploads\/sites\/2\/2023\/02\/img-1511-300x150.jpg 300w, https:\/\/www.bordeaux-bristol.fr\/en\/wp-content\/uploads\/sites\/2\/2023\/02\/img-1511-768x384.jpg 768w\" sizes=\"(max-width: 750px) 100vw, 750px\" \/>\t\t\t\t\t\t\t\t\t\t\t\t\t\t\t<\/div>\n\t\t\t\t<\/div>\n\t\t\t\t\t<\/div>\n\t\t<\/div>\n\t\t\t\t\t<\/div>\n\t\t<\/section>\n\t\t\t\t<section class=\"elementor-section elementor-top-section elementor-element elementor-element-23702b6 elementor-section-boxed elementor-section-height-default elementor-section-height-default\" data-id=\"23702b6\" data-element_type=\"section\" data-e-type=\"section\">\n\t\t\t\t\t\t<div class=\"elementor-container elementor-column-gap-default\">\n\t\t\t\t\t<div class=\"elementor-column elementor-col-100 elementor-top-column elementor-element elementor-element-ded3dad\" data-id=\"ded3dad\" data-element_type=\"column\" data-e-type=\"column\">\n\t\t\t<div class=\"elementor-widget-wrap elementor-element-populated\">\n\t\t\t\t\t\t<div class=\"elementor-element elementor-element-8941adc elementor-widget elementor-widget-button\" data-id=\"8941adc\" data-element_type=\"widget\" data-e-type=\"widget\" data-widget_type=\"button.default\">\n\t\t\t\t<div class=\"elementor-widget-container\">\n\t\t\t\t\t\t\t\t\t<div class=\"elementor-button-wrapper\">\n\t\t\t\t\t<a class=\"elementor-button elementor-button-link elementor-size-md\" href=\"https:\/\/www.sudouest.fr\/gironde\/bordeaux\/les-villes-de-bordeaux-et-bristol-unies-face-au-defi-climatique-14162092.php\">\n\t\t\t\t\t\t<span class=\"elementor-button-content-wrapper\">\n\t\t\t\t\t\t\t\t\t<span class=\"elementor-button-text\">https:\/\/www.sudouest.fr\/gironde\/bordeaux\/les-villes-de-bordeaux-et-bristol-unies-face-au-defi-climatique-14162092.php   Cliquez ici<\/span>\n\t\t\t\t\t<\/span>\n\t\t\t\t\t<\/a>\n\t\t\t\t<\/div>\n\t\t\t\t\t\t\t\t<\/div>\n\t\t\t\t<\/div>\n\t\t\t\t\t<\/div>\n\t\t<\/div>\n\t\t\t\t\t<\/div>\n\t\t<\/section>\n\t\t\t\t<section class=\"elementor-section elementor-top-section elementor-element elementor-element-389c509 elementor-section-boxed elementor-section-height-default elementor-section-height-default\" data-id=\"389c509\" data-element_type=\"section\" data-e-type=\"section\">\n\t\t\t\t\t\t<div class=\"elementor-container elementor-column-gap-default\">\n\t\t\t\t\t<div class=\"elementor-column elementor-col-100 elementor-top-column elementor-element elementor-element-27103d2\" data-id=\"27103d2\" data-element_type=\"column\" data-e-type=\"column\">\n\t\t\t<div class=\"elementor-widget-wrap elementor-element-populated\">\n\t\t\t\t\t\t<div class=\"elementor-element elementor-element-4a08022 elementor-widget elementor-widget-image\" data-id=\"4a08022\" data-element_type=\"widget\" data-e-type=\"widget\" data-widget_type=\"image.default\">\n\t\t\t\t<div class=\"elementor-widget-container\">\n\t\t\t\t\t\t\t\t\t\t\t\t\t\t\t<img decoding=\"async\" width=\"710\" height=\"1024\" src=\"https:\/\/www.bordeaux-bristol.fr\/en\/wp-content\/uploads\/sites\/2\/2023\/02\/img20230224_09512799-710x1024.jpg\" class=\"attachment-large size-large wp-image-9601\" alt=\"\" srcset=\"https:\/\/www.bordeaux-bristol.fr\/en\/wp-content\/uploads\/sites\/2\/2023\/02\/img20230224_09512799-710x1024.jpg 710w, https:\/\/www.bordeaux-bristol.fr\/en\/wp-content\/uploads\/sites\/2\/2023\/02\/img20230224_09512799-208x300.jpg 208w, https:\/\/www.bordeaux-bristol.fr\/en\/wp-content\/uploads\/sites\/2\/2023\/02\/img20230224_09512799-768x1107.jpg 768w, https:\/\/www.bordeaux-bristol.fr\/en\/wp-content\/uploads\/sites\/2\/2023\/02\/img20230224_09512799-1065x1536.jpg 1065w, https:\/\/www.bordeaux-bristol.fr\/en\/wp-content\/uploads\/sites\/2\/2023\/02\/img20230224_09512799.jpg 1241w\" sizes=\"(max-width: 710px) 100vw, 710px\" \/>\t\t\t\t\t\t\t\t\t\t\t\t\t\t\t<\/div>\n\t\t\t\t<\/div>\n\t\t\t\t\t<\/div>\n\t\t<\/div>\n\t\t\t\t\t<\/div>\n\t\t<\/section>\n\t\t\t\t<\/div>\n\t\t","protected":false},"excerpt":{"rendered":"<p>https:\/\/www.sudouest.fr\/gironde\/bordeaux\/les-villes-de-bordeaux-et-bristol-unies-face-au-defi-climatique-14162092.php Cliquez ici<\/p>\n","protected":false},"author":9,"featured_media":9599,"comment_status":"closed","ping_status":"open","sticky":false,"template":"","format":"standard","meta":{"footnotes":""},"categories":[16,17,31,38],"tags":[],"class_list":["post-9598","post","type-post","status-publish","format-standard","has-post-thumbnail","hentry","category-bordeaux","category-bristol","category-event","category-whats-on"],"_links":{"self":[{"href":"https:\/\/www.bordeaux-bristol.fr\/en\/wp-json\/wp\/v2\/posts\/9598","targetHints":{"allow":["GET"]}}],"collection":[{"href":"https:\/\/www.bordeaux-bristol.fr\/en\/wp-json\/wp\/v2\/posts"}],"about":[{"href":"https:\/\/www.bordeaux-bristol.fr\/en\/wp-json\/wp\/v2\/types\/post"}],"author":[{"embeddable":true,"href":"https:\/\/www.bordeaux-bristol.fr\/en\/wp-json\/wp\/v2\/users\/9"}],"replies":[{"embeddable":true,"href":"https:\/\/www.bordeaux-bristol.fr\/en\/wp-json\/wp\/v2\/comments?post=9598"}],"version-history":[{"count":5,"href":"https:\/\/www.bordeaux-bristol.fr\/en\/wp-json\/wp\/v2\/posts\/9598\/revisions"}],"predecessor-version":[{"id":9605,"href":"https:\/\/www.bordeaux-bristol.fr\/en\/wp-json\/wp\/v2\/posts\/9598\/revisions\/9605"}],"wp:featuredmedia":[{"embeddable":true,"href":"https:\/\/www.bordeaux-bristol.fr\/en\/wp-json\/wp\/v2\/media\/9599"}],"wp:attachment":[{"href":"https:\/\/www.bordeaux-bristol.fr\/en\/wp-json\/wp\/v2\/media?parent=9598"}],"wp:term":[{"taxonomy":"category","embeddable":true,"href":"https:\/\/www.bordeaux-bristol.fr\/en\/wp-json\/wp\/v2\/categories?post=9598"},{"taxonomy":"post_tag","embeddable":true,"href":"https:\/\/www.bordeaux-bristol.fr\/en\/wp-json\/wp\/v2\/tags?post=9598"}],"curies":[{"name":"wp","href":"https:\/\/api.w.org\/{rel}","templated":true}]}}